{"id":173,"date":"2025-08-28T14:15:14","date_gmt":"2025-08-28T14:15:14","guid":{"rendered":"https:\/\/ksbatim.ci\/?p=173"},"modified":"2025-09-01T22:22:04","modified_gmt":"2025-09-01T22:22:04","slug":"prefabrique-a-usage-de-salle","status":"publish","type":"post","link":"https:\/\/ksbatim.ci\/?p=173","title":{"rendered":"Pr\u00e9fabriqu\u00e9 \u00e0 Usage de Salle"},"content":{"rendered":"\n<p>Un pr\u00e9fabriqu\u00e9 \u00e0 usage de salle est un b\u00e2timent modulaire fabriqu\u00e9 en usine \u00e0 partir de panneaux ou de modules pr\u00e9assembl\u00e9s, puis transport\u00e9 et install\u00e9 sur site pour servir de salle. Ce type de construction est modulaire, c&rsquo;est-\u00e0-dire qu&rsquo;il peut \u00eatre facilement agrandi, d\u00e9plac\u00e9 ou d\u00e9mont\u00e9, ce qui le rend id\u00e9al pour des besoins temporaires ou \u00e9volutifs. Les pr\u00e9fabriqu\u00e9s peuvent \u00eatre utilis\u00e9s pour des salles de classe, des bureaux, des salles de r\u00e9union, des r\u00e9fectoires et bien d&rsquo;autres applications, offrant une solution rapide, \u00e9conomique et personnalisable.<\/p>\n\n\n\n<div class=\"alignnormal\"><div id=\"metaslider-id-254\" style=\"width: 100%;\" class=\"ml-slider-3-100-1 metaslider metaslider-flex metaslider-254 ml-slider ms-theme-default-base nav-hidden\" role=\"region\" aria-label=\"Pr\u00e9fabriqu\u00e9 Salle\" data-height=\"445\" data-width=\"797\">\n    <div id=\"metaslider_container_254\">\n        <div id=\"metaslider_254\">\n            <ul aria-live='off' class='slides'>\n                <li style=\"display: block; width: 100%;\" class=\"slide-255 ms-image \" aria-roledescription=\"slide\" data-date=\"2025-09-01 22:09:40\"><img loading=\"lazy\" decoding=\"async\" src=\"https:\/\/ksbatim.ci\/wp-content\/uploads\/2025\/08\/29-797x445.jpg\" height=\"445\" width=\"797\" alt=\"\" class=\"slider-254 slide-255 msDefaultImage\" title=\"29\" \/><\/li>\n                <li style=\"display: none; width: 100%;\" class=\"slide-256 ms-image \" aria-roledescription=\"slide\" data-date=\"2025-09-01 22:09:40\"><img loading=\"lazy\" decoding=\"async\" src=\"https:\/\/ksbatim.ci\/wp-content\/uploads\/2025\/08\/28-797x445.jpg\" height=\"445\" width=\"797\" alt=\"\" class=\"slider-254 slide-256 msDefaultImage\" title=\"28\" \/><\/li>\n            <\/ul>\n        <\/div>\n        \n    <\/div>\n<\/div><\/div>\n\n\n\n<p><strong>Avantages des pr\u00e9fabriqu\u00e9s pour les salles<\/strong><br>&#8211; Rapidit\u00e9 de construction : Les salles sont produites en usine en parall\u00e8le de la pr\u00e9paration du site, ce qui acc\u00e9l\u00e8re consid\u00e9rablement l&rsquo;ensemble du processus.<br>&#8211; Co\u00fbt ma\u00eetris\u00e9 : Ils sont g\u00e9n\u00e9ralement moins chers que les constructions traditionnelles, car les co\u00fbts de main-d&rsquo;\u0153uvre et de mat\u00e9riel sont optimis\u00e9s en usine.<br>&#8211; Flexibilit\u00e9 et \u00e9volutivit\u00e9 : Les modules peuvent \u00eatre ajout\u00e9s, retir\u00e9s ou d\u00e9plac\u00e9s pour s&rsquo;adapter aux besoins changeants, offrant une grande adaptabilit\u00e9.<br>&#8211; Personnalisation : Les pr\u00e9fabriqu\u00e9s peuvent \u00eatre configur\u00e9s sur mesure, avec des am\u00e9nagements et des finitions adapt\u00e9s \u00e0 l&rsquo;usage sp\u00e9cifique de la salle.<br>&#8211; Solution temporaire ou d\u00e9finitive : Ils conviennent aussi bien pour des besoins ponctuels (comme une augmentation d&rsquo;effectif scolaire ou des travaux) que pour une utilisation \u00e0 long terme.<br><\/p>\n\n\n\n<p><strong>Exemples d&rsquo;usages<\/strong><br>&#8211; \u00c9ducation : Salles de classe, laboratoires, CDI.<br>&#8211; Entreprise : Bureaux, salles de r\u00e9union, vestiaires, r\u00e9fectoires.<br>&#8211; Chantiers : Postes de s\u00e9curit\u00e9, vestiaires pour les ouvriers.<br>&#8211; \u00c9v\u00e9nementiel : Espaces modulaires pour des \u00e9v\u00e9nements sp\u00e9cifiques.<\/p>\n","protected":false},"excerpt":{"rendered":"<p>Un pr\u00e9fabriqu\u00e9 \u00e0 usage de salle est un b\u00e2timent modulaire fabriqu\u00e9 en usine \u00e0 partir de panneaux ou de modules pr\u00e9assembl\u00e9s, puis transport\u00e9 et install\u00e9 sur site pour servir de salle. Ce type de construction est modulaire, c&rsquo;est-\u00e0-dire qu&rsquo;il peut \u00eatre facilement agrandi, d\u00e9plac\u00e9 ou d\u00e9mont\u00e9, ce qui le rend id\u00e9al pour des besoins temporaires [&hellip;]<\/p>\n","protected":false},"author":1,"featured_media":0,"comment_status":"closed","ping_status":"closed","sticky":false,"template":"","format":"standard","meta":{"footnotes":""},"categories":[1],"tags":[],"class_list":["post-173","post","type-post","status-publish","format-standard","hentry","category-uncategorized"],"_links":{"self":[{"href":"https:\/\/ksbatim.ci\/index.php?rest_route=\/wp\/v2\/posts\/173","targetHints":{"allow":["GET"]}}],"collection":[{"href":"https:\/\/ksbatim.ci\/index.php?rest_route=\/wp\/v2\/posts"}],"about":[{"href":"https:\/\/ksbatim.ci\/index.php?rest_route=\/wp\/v2\/types\/post"}],"author":[{"embeddable":true,"href":"https:\/\/ksbatim.ci\/index.php?rest_route=\/wp\/v2\/users\/1"}],"replies":[{"embeddable":true,"href":"https:\/\/ksbatim.ci\/index.php?rest_route=%2Fwp%2Fv2%2Fcomments&post=173"}],"version-history":[{"count":3,"href":"https:\/\/ksbatim.ci\/index.php?rest_route=\/wp\/v2\/posts\/173\/revisions"}],"predecessor-version":[{"id":258,"href":"https:\/\/ksbatim.ci\/index.php?rest_route=\/wp\/v2\/posts\/173\/revisions\/258"}],"wp:attachment":[{"href":"https:\/\/ksbatim.ci\/index.php?rest_route=%2Fwp%2Fv2%2Fmedia&parent=173"}],"wp:term":[{"taxonomy":"category","embeddable":true,"href":"https:\/\/ksbatim.ci\/index.php?rest_route=%2Fwp%2Fv2%2Fcategories&post=173"},{"taxonomy":"post_tag","embeddable":true,"href":"https:\/\/ksbatim.ci\/index.php?rest_route=%2Fwp%2Fv2%2Ftags&post=173"}],"curies":[{"name":"wp","href":"https:\/\/api.w.org\/{rel}","templated":true}]}}